{"id":681,"date":"2018-06-13T07:18:31","date_gmt":"2018-06-13T07:18:31","guid":{"rendered":"https:\/\/lovisa-paysagiste-macon.fr\/?p=681"},"modified":"2018-06-13T07:18:31","modified_gmt":"2018-06-13T07:18:31","slug":"la-neige-du-peuplier","status":"publish","type":"post","link":"https:\/\/lovisa-paysagiste-macon.fr\/index.php\/2018\/06\/13\/la-neige-du-peuplier\/","title":{"rendered":"La neige du peuplier"},"content":{"rendered":"<p><img loading=\"lazy\" decoding=\"async\" class=\"alignnone size-medium wp-image-682\" src=\"https:\/\/lovisa-paysagiste-macon.fr\/wp-content\/uploads\/2018\/06\/la-neige-300x225.jpg\" alt=\"\" width=\"300\" height=\"225\" srcset=\"https:\/\/lovisa-paysagiste-macon.fr\/wp-content\/uploads\/2018\/06\/la-neige-300x225.jpg 300w, https:\/\/lovisa-paysagiste-macon.fr\/wp-content\/uploads\/2018\/06\/la-neige-768x576.jpg 768w, https:\/\/lovisa-paysagiste-macon.fr\/wp-content\/uploads\/2018\/06\/la-neige.jpg 960w\" sizes=\"auto, (max-width: 300px) 100vw, 300px\" \/><\/p>\n<p>La neige du Peuplier<\/p>\n<p>Le saviez vous? Avez-vous remarqu\u00e9 en ce moment ce coton blanc qui tombe des peupliers ? Filaments cotonneux qui sont parfois si nombreux sur le sol qu\u2019on a l\u2019impression qu\u2019il a neig\u00e9. Mais contrairement \u00e0 ce que certains pensent il ne s\u2019agit pas du tout de pollen. En r\u00e9alit\u00e9 c\u2019est le mode qu\u2019a choisit le peuplier pour transporter ses graines loin de lui . Apr\u00e8s pollinisation l\u2019arbre femelle produit des capsules contenant la graine et le coton. Lorsque la capsule s\u2019ouvre en m<span class=\"text_exposed_show\">ai- juin le vent emporte la graine qui ,gr\u00e2ce au coton qui l\u2019entoure , s\u2019envole beaucoup plus loin qu\u2019elle ne le ferait sans lui . Pour dire que ce coton qui peut parfois \u00eatre d\u00e9rangeant lorsqu\u2019il recouvre tout en quantit\u00e9 ne risque pas de vous causer des allergies.Quand le coton arrive la phase pollinique du peuplier a d\u00e9j\u00e0 eu lieu depuis 4 ou 5 semaines. Le Peuplier est par ailleurs consid\u00e9r\u00e9 comme un arbre faiblement allergisant .\u00a0<a href=\"http:\/\/www.pollens.fr\/le-reseau\/les-pollens.php\">R\u00e9seau national de surveillance A\u00e9robiologique <\/a> <span class=\"_47e3 _5mfr\" title=\"\u00e9motic\u00f4ne wink\"><img loading=\"lazy\" decoding=\"async\" class=\"img\" role=\"presentation\" src=\"https:\/\/static.xx.fbcdn.net\/images\/emoji.php\/v9\/f57\/1\/16\/1f609.png\" alt=\"\" width=\"16\" height=\"16\" \/><\/span><\/span><\/p>\n<p>(le coton du peuplier n\u2019est pas allergisant au sens immunologique du terme. Il peut \u00e9ventuellement \u00eatre irritant, et augmenter la sensibilit\u00e9 aux allerg\u00e8nes, notamment \u00e0 ceux des pollens de gramin\u00e9es qui sont abondants au moment de la diss\u00e9mination des graines de peuplier.)<\/p>\n","protected":false},"excerpt":{"rendered":"<p>La neige du Peuplier Le saviez vous? Avez-vous remarqu\u00e9 en ce moment ce coton blanc qui tombe des peupliers ? Filaments cotonneux qui sont parfois si nombreux sur le sol qu\u2019on a l\u2019impression qu\u2019il a neig\u00e9. Mais contrairement \u00e0 ce que certains pensent il ne s\u2019agit pas du tout de pollen. En r\u00e9alit\u00e9 c\u2019est le<span class=\"read-more-wrap\"><a class=\"moretag\" href=\"https:\/\/lovisa-paysagiste-macon.fr\/index.php\/2018\/06\/13\/la-neige-du-peuplier\/\">Lire la suite<span class=\"screen-reader-text\">La neige du peuplier<\/span><\/a><\/span><\/p>\n","protected":false},"author":1,"featured_media":682,"comment_status":"open","ping_status":"open","sticky":false,"template":"","format":"standard","meta":{"footnotes":""},"categories":[1],"tags":[],"class_list":["post-681","post","type-post","status-publish","format-standard","has-post-thumbnail","hentry","category-uncategorized"],"aioseo_notices":[],"_links":{"self":[{"href":"https:\/\/lovisa-paysagiste-macon.fr\/index.php\/wp-json\/wp\/v2\/posts\/681","targetHints":{"allow":["GET"]}}],"collection":[{"href":"https:\/\/lovisa-paysagiste-macon.fr\/index.php\/wp-json\/wp\/v2\/posts"}],"about":[{"href":"https:\/\/lovisa-paysagiste-macon.fr\/index.php\/wp-json\/wp\/v2\/types\/post"}],"author":[{"embeddable":true,"href":"https:\/\/lovisa-paysagiste-macon.fr\/index.php\/wp-json\/wp\/v2\/users\/1"}],"replies":[{"embeddable":true,"href":"https:\/\/lovisa-paysagiste-macon.fr\/index.php\/wp-json\/wp\/v2\/comments?post=681"}],"version-history":[{"count":1,"href":"https:\/\/lovisa-paysagiste-macon.fr\/index.php\/wp-json\/wp\/v2\/posts\/681\/revisions"}],"predecessor-version":[{"id":683,"href":"https:\/\/lovisa-paysagiste-macon.fr\/index.php\/wp-json\/wp\/v2\/posts\/681\/revisions\/683"}],"wp:featuredmedia":[{"embeddable":true,"href":"https:\/\/lovisa-paysagiste-macon.fr\/index.php\/wp-json\/wp\/v2\/media\/682"}],"wp:attachment":[{"href":"https:\/\/lovisa-paysagiste-macon.fr\/index.php\/wp-json\/wp\/v2\/media?parent=681"}],"wp:term":[{"taxonomy":"category","embeddable":true,"href":"https:\/\/lovisa-paysagiste-macon.fr\/index.php\/wp-json\/wp\/v2\/categories?post=681"},{"taxonomy":"post_tag","embeddable":true,"href":"https:\/\/lovisa-paysagiste-macon.fr\/index.php\/wp-json\/wp\/v2\/tags?post=681"}],"curies":[{"name":"wp","href":"https:\/\/api.w.org\/{rel}","templated":true}]}}